{"id":293,"date":"2021-07-28T18:45:42","date_gmt":"2021-07-28T23:45:42","guid":{"rendered":"http:\/\/52.188.161.131\/wordpress\/?p=293"},"modified":"2025-06-13T14:13:33","modified_gmt":"2025-06-13T20:13:33","slug":"tolerancia-y-diversidad-de-creencias","status":"publish","type":"post","link":"https:\/\/conectate.conapred.gob.mx\/index.php\/2021\/07\/28\/tolerancia-y-diversidad-de-creencias\/","title":{"rendered":"Tolerancia y diversidad de creencias"},"content":{"rendered":"<p><span style=\"color: #800000;\"><strong>Objetivo general:<\/strong><\/span><\/p>\n<p>Reconocer la importancia de respetar la diversidad religiosa en M\u00e9xico, identificando las consecuencias de la discriminaci\u00f3n y la vulneraci\u00f3n al ejercicio de los derechos humanos por motivos religiosos, para contribuir a la construcci\u00f3n de relaciones humanas que convivan con diferentes credos, pr\u00e1cticas y espiritualidades basadas en el respeto mutuo, tolerancia e igualdad de oportunidades.<\/p>\n<h2><span style=\"color: #800000;\"><strong>Unidad 1. La diversidad cultural y religiosa en M\u00e9xico<\/strong><\/span><\/h2>\n<p><span style=\"color: #000000;\">Objetivo espec\u00edfico:<\/span><\/p>\n<p>Identificar las distintas concepciones de lo religioso, de sus pr\u00e1cticas y creencias en M\u00e9xico, a partir de un recuento hist\u00f3rico que incide en la transformaci\u00f3n cultural, con la finalidad de reconocer la diversidad de creencias religiosas en el pa\u00eds.<\/p>\n<ol>\n<li>\u00bfQu\u00e9 es la religi\u00f3n?<\/li>\n<li>Diversidad religiosa en M\u00e9xico y el mundo Genealog\u00eda de la religi\u00f3n en M\u00e9xico: Recuento hist\u00f3rico y cultural en M\u00e9xico<\/li>\n<li>\u00bfC\u00f3mo se viven las religiones en M\u00e9xico?<\/li>\n<\/ol>\n<h2><span style=\"color: #800000;\"><strong>Unidad 2. La discriminaci\u00f3n y mis derechos humanos en la vida cotidiana<\/strong><\/span><\/h2>\n<p><span style=\"color: #000000;\">Objetivo espec\u00edfico:<\/span><\/p>\n<p>Conocer qu\u00e9 es la discriminaci\u00f3n y las consecuencias que genera en el ejercicio de los derechos humanos, analizando c\u00f3mo se construye y articula la discriminaci\u00f3n desde la perspectiva jur\u00eddica y cultural, con la finalidad de fomentar el respeto a la diversidad.<\/p>\n<ol>\n<li>\u00bfQu\u00e9 son los derechos humanos?<\/li>\n<li>\u00bfQu\u00e9 son las violaciones a los derechos humanos?<\/li>\n<li>\u00bfQu\u00e9 se entiende por discriminaci\u00f3n?<\/li>\n<li>\u00bfPor qu\u00e9 es importante hablar de discriminaci\u00f3n?<\/li>\n<li>\u00bfM\u00e9xico discrimina por motivos religiosos?<\/li>\n<\/ol>\n<h2><span style=\"color: #800000;\"><strong>Unidad 3. Estado laico, base de la convivencia pac\u00edfica<\/strong><\/span><\/h2>\n<p><span style=\"color: #000000;\">Objetivo espec\u00edfico:<\/span><\/p>\n<p>Comprender cu\u00e1l es la obligaci\u00f3n del Estado Mexicano ante los derechos humanos y la no discriminaci\u00f3n, mediante el an\u00e1lisis de instrumentos internacionales y nacionales que los ratifican y defienden, con la finalidad de reconocer la importancia de respetar el ejercicio pleno de las libertades fundamentales, entre ellas la libertad de pensamiento, conciencia y religi\u00f3n.<\/p>\n<ol>\n<li>\u00bfQu\u00e9 s\u00edgnica qu\u00e9 M\u00e9xico sea un Estado Laico?<\/li>\n<li>\u00bfC\u00f3mo se constituye la legislaci\u00f3n religiosa en M\u00e9xico?<\/li>\n<li>\u00bfCu\u00e1l es la relaci\u00f3n que existe entre el estado y la religi\u00f3n en M\u00e9xico?<\/li>\n<\/ol>\n<h2><span style=\"color: #800000;\"><strong>Unidad 4. Transformaci\u00f3n pacifica de los conflictos cotidianos por motivos religioso.<\/strong><\/span><\/h2>\n<p><span style=\"color: #000000;\">Objetivos espec\u00edficos:<\/span><\/p>\n<ul>\n<li><span style=\"color: #000000;\">Comprender la gesti\u00f3n pac\u00edfica de conflictos, a partir de sus caracter\u00edsticas, para promover una transformaci\u00f3n hacia una cultura de paz, como parte del ejercicio de los derechos humanos.<\/span><\/li>\n<li><span style=\"color: #000000;\">Analizar pr\u00e1cticas discriminatorias por motivos religiosos, mediante la perspectiva de la transformaci\u00f3n de conflictos, para descubrir herramientas que promuevan la transformaci\u00f3n pac\u00edfica de los conflictos.<\/span><\/li>\n<\/ul>\n<ol>\n<li><span style=\"color: #000000;\">Conflictos religiosos.<\/span><\/li>\n<li><span style=\"color: #000000;\">Causas, efectos y vulneraci\u00f3n de los derechos humanos.<\/span><\/li>\n<li><span style=\"color: #000000;\">Transformaci\u00f3n de conflictos: hacia el desarrollo de mis y nuestras competencias pac\u00edficas del conflicto por motivos religiosos.<\/span><\/li>\n<\/ol>\n","protected":false},"excerpt":{"rendered":"<p>Objetivo general: Reconocer la importancia de respetar la diversidad religiosa en M\u00e9xico, identificando las consecuencias de la discriminaci\u00f3n y la vulneraci\u00f3n al ejercicio de los derechos humanos por motivos religiosos, para contribuir a la construcci\u00f3n de relaciones humanas que convivan &hellip; <a href=\"https:\/\/conectate.conapred.gob.mx\/index.php\/2021\/07\/28\/tolerancia-y-diversidad-de-creencias\/\">Sigue leyendo <span class=\"meta-nav\">&rarr;<\/span><\/a><\/p>\n","protected":false},"author":5,"featured_media":0,"comment_status":"closed","ping_status":"closed","sticky":false,"template":"","format":"standard","meta":{"_monsterinsights_skip_tracking":false,"_monsterinsights_sitenote_active":false,"_monsterinsights_sitenote_note":"","_monsterinsights_sitenote_category":0,"_uf_show_specific_survey":0,"_uf_disable_surveys":false,"footnotes":""},"categories":[1],"tags":[],"class_list":["post-293","post","type-post","status-publish","format-standard","hentry","category-sin-categoria"],"aioseo_notices":[],"_links":{"self":[{"href":"https:\/\/conectate.conapred.gob.mx\/index.php\/wp-json\/wp\/v2\/posts\/293","targetHints":{"allow":["GET"]}}],"collection":[{"href":"https:\/\/conectate.conapred.gob.mx\/index.php\/wp-json\/wp\/v2\/posts"}],"about":[{"href":"https:\/\/conectate.conapred.gob.mx\/index.php\/wp-json\/wp\/v2\/types\/post"}],"author":[{"embeddable":true,"href":"https:\/\/conectate.conapred.gob.mx\/index.php\/wp-json\/wp\/v2\/users\/5"}],"replies":[{"embeddable":true,"href":"https:\/\/conectate.conapred.gob.mx\/index.php\/wp-json\/wp\/v2\/comments?post=293"}],"version-history":[{"count":4,"href":"https:\/\/conectate.conapred.gob.mx\/index.php\/wp-json\/wp\/v2\/posts\/293\/revisions"}],"predecessor-version":[{"id":7524,"href":"https:\/\/conectate.conapred.gob.mx\/index.php\/wp-json\/wp\/v2\/posts\/293\/revisions\/7524"}],"wp:attachment":[{"href":"https:\/\/conectate.conapred.gob.mx\/index.php\/wp-json\/wp\/v2\/media?parent=293"}],"wp:term":[{"taxonomy":"category","embeddable":true,"href":"https:\/\/conectate.conapred.gob.mx\/index.php\/wp-json\/wp\/v2\/categories?post=293"},{"taxonomy":"post_tag","embeddable":true,"href":"https:\/\/conectate.conapred.gob.mx\/index.php\/wp-json\/wp\/v2\/tags?post=293"}],"curies":[{"name":"wp","href":"https:\/\/api.w.org\/{rel}","templated":true}]}}