{"id":296,"date":"2021-07-28T19:20:31","date_gmt":"2021-07-29T00:20:31","guid":{"rendered":"http:\/\/52.188.161.131\/wordpress\/?p=296"},"modified":"2025-06-13T14:12:00","modified_gmt":"2025-06-13T20:12:00","slug":"jovenes-tolerancia-y-no-discriminacion","status":"publish","type":"post","link":"https:\/\/conectate.conapred.gob.mx\/index.php\/2021\/07\/28\/jovenes-tolerancia-y-no-discriminacion\/","title":{"rendered":"J\u00f3venes, tolerancia y no discriminaci\u00f3n"},"content":{"rendered":"<p><span style=\"color: #800000;\"><strong>Objetivo general:<\/strong><\/span><\/p>\n<p>Promover la cultura de igualdad, tolerancia y no discriminaci\u00f3n hacia las juventudes para prevenir y eliminar pr\u00e1cticas discriminatorias hacia estas personas.<\/p>\n<h1><span style=\"color: #800000;\"><strong>Unidad 1. \u00bfPor qu\u00e9 la no discriminaci\u00f3n es un derecho humano?<\/strong><\/span><\/h1>\n<p><span style=\"color: #000000;\">Objetivos espec\u00edficos:<\/span><\/p>\n<ul>\n<li>Comprender la importancia de la autonom\u00eda, tolerancia y diversidad como marcos de referencia para la protecci\u00f3n de los derechos humanos.<\/li>\n<li>Reconocer a los derechos humanos y el derecho a la no discriminaci\u00f3n como elementos fundamentales para el desarrollo humano a nivel individual y colectivo.<\/li>\n<\/ul>\n<ol>\n<li>La autonom\u00eda<\/li>\n<li>La tolerancia y los derechos humanos<\/li>\n<li>El derecho a la no discriminaci\u00f3n como derecho rector<\/li>\n<\/ol>\n<h2><span style=\"color: #800000;\"><strong>Unidad 2. \u00bfQu\u00e9 es la discriminaci\u00f3n?<\/strong><\/span><\/h2>\n<p><span style=\"color: #000000;\">Objetivo espec\u00edfico:<\/span><\/p>\n<p>Identificar las situaciones y contextos en que ocurren actos de discriminaci\u00f3n a trav\u00e9s de los factores que pueden provocar violaci\u00f3n a derechos humanos.<\/p>\n<ol>\n<li>\u00bfQu\u00e9 es la discriminaci\u00f3n?<\/li>\n<li>Las dimensiones en las que se presenta la discriminaci\u00f3n<\/li>\n<li>Ra\u00edces de la discriminaci\u00f3n y las relaciones de poder<\/li>\n<\/ol>\n<h2><span style=\"color: #800000;\"><strong>Unidad 3. Identidades juveniles, discriminaci\u00f3n y vulnerabilidad<\/strong><\/span><\/h2>\n<p><span style=\"color: #000000;\">Objetivo espec\u00edfico:<\/span><\/p>\n<p>Identificar los efectos que produce la discriminaci\u00f3n sobre las poblaciones j\u00f3venes y las circunstancias de probable vulnerabilidad que enfrentan para reconocer el impacto social de la exclusi\u00f3n sobre las personas de este margen de edad.<\/p>\n<ol>\n<li>Consecuencias de la discriminaci\u00f3n<\/li>\n<li>Las identidades juveniles<\/li>\n<li>Formas de discriminaci\u00f3n a las y los j\u00f3venes<\/li>\n<\/ol>\n<h2><span style=\"color: #800000;\"><strong>Unidad 4. C\u00f3mo lograr espacios incluyentes<\/strong><\/span><\/h2>\n<p><span style=\"color: #000000;\">Objetivo espec\u00edfico:<\/span><\/p>\n<p>Fomentar la participaci\u00f3n activa de los y las j\u00f3venes en favor de la no discriminaci\u00f3n a partir de la consideraci\u00f3n de las diversas realidades existentes sobre la juventud para promover espacios incluyentes y no violentos.<\/p>\n<ol>\n<li>Desarticular las bases socioculturales y simb\u00f3licas de la discriminaci\u00f3n<\/li>\n<li>Promover identidades participativas, libremente elegidas, abiertas, plurales y no confrontadas<\/li>\n<li>Contribuir a la construcci\u00f3n de nuevos referentes para la participaci\u00f3n social<\/li>\n<\/ol>\n","protected":false},"excerpt":{"rendered":"<p>Objetivo general: Promover la cultura de igualdad, tolerancia y no discriminaci\u00f3n hacia las juventudes para prevenir y eliminar pr\u00e1cticas discriminatorias hacia estas personas. Unidad 1. \u00bfPor qu\u00e9 la no discriminaci\u00f3n es un derecho humano? Objetivos espec\u00edficos: Comprender la importancia de &hellip; <a href=\"https:\/\/conectate.conapred.gob.mx\/index.php\/2021\/07\/28\/jovenes-tolerancia-y-no-discriminacion\/\">Sigue leyendo <span class=\"meta-nav\">&rarr;<\/span><\/a><\/p>\n","protected":false},"author":5,"featured_media":0,"comment_status":"closed","ping_status":"closed","sticky":false,"template":"","format":"standard","meta":{"_monsterinsights_skip_tracking":false,"_monsterinsights_sitenote_active":false,"_monsterinsights_sitenote_note":"","_monsterinsights_sitenote_category":0,"_uf_show_specific_survey":0,"_uf_disable_surveys":false,"footnotes":""},"categories":[1],"tags":[],"class_list":["post-296","post","type-post","status-publish","format-standard","hentry","category-sin-categoria"],"aioseo_notices":[],"_links":{"self":[{"href":"https:\/\/conectate.conapred.gob.mx\/index.php\/wp-json\/wp\/v2\/posts\/296","targetHints":{"allow":["GET"]}}],"collection":[{"href":"https:\/\/conectate.conapred.gob.mx\/index.php\/wp-json\/wp\/v2\/posts"}],"about":[{"href":"https:\/\/conectate.conapred.gob.mx\/index.php\/wp-json\/wp\/v2\/types\/post"}],"author":[{"embeddable":true,"href":"https:\/\/conectate.conapred.gob.mx\/index.php\/wp-json\/wp\/v2\/users\/5"}],"replies":[{"embeddable":true,"href":"https:\/\/conectate.conapred.gob.mx\/index.php\/wp-json\/wp\/v2\/comments?post=296"}],"version-history":[{"count":4,"href":"https:\/\/conectate.conapred.gob.mx\/index.php\/wp-json\/wp\/v2\/posts\/296\/revisions"}],"predecessor-version":[{"id":7523,"href":"https:\/\/conectate.conapred.gob.mx\/index.php\/wp-json\/wp\/v2\/posts\/296\/revisions\/7523"}],"wp:attachment":[{"href":"https:\/\/conectate.conapred.gob.mx\/index.php\/wp-json\/wp\/v2\/media?parent=296"}],"wp:term":[{"taxonomy":"category","embeddable":true,"href":"https:\/\/conectate.conapred.gob.mx\/index.php\/wp-json\/wp\/v2\/categories?post=296"},{"taxonomy":"post_tag","embeddable":true,"href":"https:\/\/conectate.conapred.gob.mx\/index.php\/wp-json\/wp\/v2\/tags?post=296"}],"curies":[{"name":"wp","href":"https:\/\/api.w.org\/{rel}","templated":true}]}}