{"id":301,"date":"2021-07-28T19:42:21","date_gmt":"2021-07-29T00:42:21","guid":{"rendered":"http:\/\/52.188.161.131\/wordpress\/?p=301"},"modified":"2025-06-13T14:22:15","modified_gmt":"2025-06-13T20:22:15","slug":"prevencion-social-de-las-violencias-con-enfoque-antidiscriminatorio","status":"publish","type":"post","link":"https:\/\/conectate.conapred.gob.mx\/index.php\/2021\/07\/28\/prevencion-social-de-las-violencias-con-enfoque-antidiscriminatorio\/","title":{"rendered":"Prevenci\u00f3n social de las violencias con enfoque antidiscriminatorio"},"content":{"rendered":"<p><span style=\"color: #800000;\"><strong>Objetivo general:<\/strong><\/span><\/p>\n<p>Reflexionar sobre la importancia de la prevenci\u00f3n social de las violencias a trav\u00e9s de los modelos de paz y convivencia desde la igualdad y no discriminaci\u00f3n para generar una sociedad m\u00e1s incluyente basada en derechos humanos y respeto de la dignidad humana.<\/p>\n<h1><span style=\"color: #800000;\"><strong>Unidad 1. Los Derechos Humanos como base para la prevenci\u00f3n de las violencias<\/strong><\/span><\/h1>\n<p>Objetivo espec\u00edfico:<\/p>\n<p>Identificar la relaci\u00f3n que existe entre la violencia y la discriminaci\u00f3n para reconocer las violaciones a los Derechos Humanos en las relaciones cotidianas.<\/p>\n<ol>\n<li>El ejercicio de los Derechos Humanos<\/li>\n<li>El concepto de la violencia<\/li>\n<li>La igualdad frente a la discriminaci\u00f3n y las violencias<\/li>\n<\/ol>\n<h2><span style=\"color: #800000;\"><strong>Unidad 2. Las expresiones de las violencias en la cotidianidad y los mecanismos para prevenirla<\/strong><\/span><\/h2>\n<p><span style=\"color: #000000;\">Objetivo espec\u00edfico:<\/span><\/p>\n<p>Identificar algunos mecanismos de atenci\u00f3n que promueven la igualdad y no discriminaci\u00f3n para comprender la pertinencia de los mecanismos de prevenci\u00f3n.<\/p>\n<ol>\n<li>Consecuencias de la discriminaci\u00f3n y de la violencia<\/li>\n<li>Hacia la prevenci\u00f3n de la violencia<\/li>\n<\/ol>\n<h2><span style=\"color: #800000;\"><strong>Unidad 3. Modelos de paz y convivencia ciudadana<\/strong><\/span><\/h2>\n<p><span style=\"color: #000000;\">Objetivo espec\u00edfico:<\/span><\/p>\n<p>Conocer las caracter\u00edsticas de los modelos de seguridad y mecanismos a favor de la no violencia para fomentar la construcci\u00f3n de paz que permita la promoci\u00f3n de la convivencia inclusiva.<\/p>\n<ol>\n<li>Construir la paz sostenible desde la actividad cotidiana<\/li>\n<li>Modelos de seguridad y mecanismos a favor de la no violencia e igualdad<\/li>\n<li>El papel del Conapred<\/li>\n<\/ol>\n","protected":false},"excerpt":{"rendered":"<p>Objetivo general: Reflexionar sobre la importancia de la prevenci\u00f3n social de las violencias a trav\u00e9s de los modelos de paz y convivencia desde la igualdad y no discriminaci\u00f3n para generar una sociedad m\u00e1s incluyente basada en derechos humanos y respeto &hellip; <a href=\"https:\/\/conectate.conapred.gob.mx\/index.php\/2021\/07\/28\/prevencion-social-de-las-violencias-con-enfoque-antidiscriminatorio\/\">Sigue leyendo <span class=\"meta-nav\">&rarr;<\/span><\/a><\/p>\n","protected":false},"author":5,"featured_media":0,"comment_status":"closed","ping_status":"closed","sticky":false,"template":"","format":"standard","meta":{"_monsterinsights_skip_tracking":false,"_monsterinsights_sitenote_active":false,"_monsterinsights_sitenote_note":"","_monsterinsights_sitenote_category":0,"_uf_show_specific_survey":0,"_uf_disable_surveys":false,"footnotes":""},"categories":[1],"tags":[],"class_list":["post-301","post","type-post","status-publish","format-standard","hentry","category-sin-categoria"],"aioseo_notices":[],"_links":{"self":[{"href":"https:\/\/conectate.conapred.gob.mx\/index.php\/wp-json\/wp\/v2\/posts\/301","targetHints":{"allow":["GET"]}}],"collection":[{"href":"https:\/\/conectate.conapred.gob.mx\/index.php\/wp-json\/wp\/v2\/posts"}],"about":[{"href":"https:\/\/conectate.conapred.gob.mx\/index.php\/wp-json\/wp\/v2\/types\/post"}],"author":[{"embeddable":true,"href":"https:\/\/conectate.conapred.gob.mx\/index.php\/wp-json\/wp\/v2\/users\/5"}],"replies":[{"embeddable":true,"href":"https:\/\/conectate.conapred.gob.mx\/index.php\/wp-json\/wp\/v2\/comments?post=301"}],"version-history":[{"count":5,"href":"https:\/\/conectate.conapred.gob.mx\/index.php\/wp-json\/wp\/v2\/posts\/301\/revisions"}],"predecessor-version":[{"id":7539,"href":"https:\/\/conectate.conapred.gob.mx\/index.php\/wp-json\/wp\/v2\/posts\/301\/revisions\/7539"}],"wp:attachment":[{"href":"https:\/\/conectate.conapred.gob.mx\/index.php\/wp-json\/wp\/v2\/media?parent=301"}],"wp:term":[{"taxonomy":"category","embeddable":true,"href":"https:\/\/conectate.conapred.gob.mx\/index.php\/wp-json\/wp\/v2\/categories?post=301"},{"taxonomy":"post_tag","embeddable":true,"href":"https:\/\/conectate.conapred.gob.mx\/index.php\/wp-json\/wp\/v2\/tags?post=301"}],"curies":[{"name":"wp","href":"https:\/\/api.w.org\/{rel}","templated":true}]}}