{"id":304,"date":"2021-07-28T19:49:26","date_gmt":"2021-07-29T00:49:26","guid":{"rendered":"http:\/\/52.188.161.131\/wordpress\/?p=304"},"modified":"2025-06-13T14:08:24","modified_gmt":"2025-06-13T20:08:24","slug":"discriminacion-a-personas-que-viven-con-vih-o-sida","status":"publish","type":"post","link":"https:\/\/conectate.conapred.gob.mx\/index.php\/2021\/07\/28\/discriminacion-a-personas-que-viven-con-vih-o-sida\/","title":{"rendered":"Discriminaci\u00f3n a personas que viven con VIH o SIDA"},"content":{"rendered":"<p><span style=\"color: #800000;\"><strong>Objetivo general:<\/strong><\/span><\/p>\n<p>Reconocer los aspectos b\u00e1sicos del derecho a la no discriminaci\u00f3n de las personas que viven con vih o sida, desde un enfoque de derechos humanos que permita la construcci\u00f3n de una cultura de igualdad e inclusi\u00f3n de dicha poblaci\u00f3n.<\/p>\n<h2><span style=\"color: #800000;\"><strong>Unidad 1: La discriminaci\u00f3n.<\/strong><\/span><\/h2>\n<p><span style=\"color: #000000;\">Objetivo espec\u00edfico:<\/span><\/p>\n<p>Identificar las ra\u00edces socioculturales y las acciones diarias que justifican y promueven actos de discriminaci\u00f3n hacia ciertos grupos de personas.<\/p>\n<ol>\n<li>La discriminaci\u00f3n en nuestra vida cotidiana.<\/li>\n<li>Ra\u00edces socioculturales de la discriminaci\u00f3n.<\/li>\n<li>\u00bfQu\u00e9 es la discriminaci\u00f3n?<\/li>\n<li>Dimensiones de la discriminaci\u00f3n.<\/li>\n<\/ol>\n<h2><span style=\"color: #800000;\"><strong>Unidad 2: Pr\u00e1cticas discriminatorias y sus consecuencias.<\/strong><\/span><\/h2>\n<p><span style=\"color: #000000;\">Objetivo espec\u00edfico: <\/span><\/p>\n<p>Conocer las acciones que ponen en situaci\u00f3n de vulnerabilidad a ciertos grupos de personas, particularmente a las personas que viven con VIH, para identificar las consecuencias que esto produce en su vida diaria.<\/p>\n<ol>\n<li>Situaciones que generan vulnerabilidad.<\/li>\n<li>Grupos en situaci\u00f3n de discriminaci\u00f3n.<\/li>\n<li>Efectos individuales y sociales de la discriminaci\u00f3n.<\/li>\n<\/ol>\n<h2><span style=\"color: #800000;\"><strong>Unidad 3: Discriminaci\u00f3n por VIH o Sida.<\/strong><\/span><\/h2>\n<p><span style=\"color: #000000;\">Objetivo espec\u00edfico:<\/span><\/p>\n<p>Identificar las diferencias entre VIH o Sida, permitir\u00e1 vislumbrar la situaci\u00f3n actual y los efectos que viven las personas con VIH o Sida en los diferentes \u00e1mbitos de la vida.<\/p>\n<ol>\n<li>Diferencia entre VIH y Sida.<\/li>\n<li>Situaci\u00f3n actual del VIH.<\/li>\n<li>Estigma y discriminaci\u00f3n relacionados con el VIH y Sida.<\/li>\n<li>Condici\u00f3n de salud de las personas que viven con VIH o Sida.<\/li>\n<li>Ventajas de la inclusi\u00f3n de las personas que viven con VIH o Sida.<\/li>\n<\/ol>\n<h2><span style=\"color: #800000;\"><strong>Unidad 4. Marco jur\u00eddico, referentes nacionales e internacionales para la defensa y promoci\u00f3n del derecho a la no discriminaci\u00f3n de las personas que viven con VIH.<\/strong><\/span><\/h2>\n<p><span style=\"color: #000000;\">Objetivos espec\u00edficos:<\/span><\/p>\n<ul>\n<li>Conocer el marco jur\u00eddico nacional e internacional en materia de derechos humanos y no discriminaci\u00f3n, para garantizar los derechos de las personas que viven con VIH.<\/li>\n<li>Conocer las obligaciones del gobierno y de las personas para proteger los derechos de las personas que viven con VIH.<\/li>\n<\/ul>\n<ol>\n<li>Marco legal nacional e internacional en materia de no discriminaci\u00f3n.<\/li>\n<li>Marco legal nacional en materia de VIH.<\/li>\n<\/ol>\n","protected":false},"excerpt":{"rendered":"<p>Objetivo general: Reconocer los aspectos b\u00e1sicos del derecho a la no discriminaci\u00f3n de las personas que viven con vih o sida, desde un enfoque de derechos humanos que permita la construcci\u00f3n de una cultura de igualdad e inclusi\u00f3n de dicha &hellip; <a href=\"https:\/\/conectate.conapred.gob.mx\/index.php\/2021\/07\/28\/discriminacion-a-personas-que-viven-con-vih-o-sida\/\">Sigue leyendo <span class=\"meta-nav\">&rarr;<\/span><\/a><\/p>\n","protected":false},"author":5,"featured_media":0,"comment_status":"closed","ping_status":"closed","sticky":false,"template":"","format":"standard","meta":{"_monsterinsights_skip_tracking":false,"_monsterinsights_sitenote_active":false,"_monsterinsights_sitenote_note":"","_monsterinsights_sitenote_category":0,"_uf_show_specific_survey":0,"_uf_disable_surveys":false,"footnotes":""},"categories":[1],"tags":[],"class_list":["post-304","post","type-post","status-publish","format-standard","hentry","category-sin-categoria"],"aioseo_notices":[],"_links":{"self":[{"href":"https:\/\/conectate.conapred.gob.mx\/index.php\/wp-json\/wp\/v2\/posts\/304","targetHints":{"allow":["GET"]}}],"collection":[{"href":"https:\/\/conectate.conapred.gob.mx\/index.php\/wp-json\/wp\/v2\/posts"}],"about":[{"href":"https:\/\/conectate.conapred.gob.mx\/index.php\/wp-json\/wp\/v2\/types\/post"}],"author":[{"embeddable":true,"href":"https:\/\/conectate.conapred.gob.mx\/index.php\/wp-json\/wp\/v2\/users\/5"}],"replies":[{"embeddable":true,"href":"https:\/\/conectate.conapred.gob.mx\/index.php\/wp-json\/wp\/v2\/comments?post=304"}],"version-history":[{"count":5,"href":"https:\/\/conectate.conapred.gob.mx\/index.php\/wp-json\/wp\/v2\/posts\/304\/revisions"}],"predecessor-version":[{"id":7519,"href":"https:\/\/conectate.conapred.gob.mx\/index.php\/wp-json\/wp\/v2\/posts\/304\/revisions\/7519"}],"wp:attachment":[{"href":"https:\/\/conectate.conapred.gob.mx\/index.php\/wp-json\/wp\/v2\/media?parent=304"}],"wp:term":[{"taxonomy":"category","embeddable":true,"href":"https:\/\/conectate.conapred.gob.mx\/index.php\/wp-json\/wp\/v2\/categories?post=304"},{"taxonomy":"post_tag","embeddable":true,"href":"https:\/\/conectate.conapred.gob.mx\/index.php\/wp-json\/wp\/v2\/tags?post=304"}],"curies":[{"name":"wp","href":"https:\/\/api.w.org\/{rel}","templated":true}]}}