{"id":307,"date":"2021-07-28T20:01:55","date_gmt":"2021-07-29T01:01:55","guid":{"rendered":"http:\/\/52.188.161.131\/wordpress\/?p=307"},"modified":"2025-06-13T14:21:53","modified_gmt":"2025-06-13T20:21:53","slug":"migracion-y-xenofobia","status":"publish","type":"post","link":"https:\/\/conectate.conapred.gob.mx\/index.php\/2021\/07\/28\/migracion-y-xenofobia\/","title":{"rendered":"Migraci\u00f3n\u00a0y xenofobia"},"content":{"rendered":"<p><span style=\"color: #800000;\"><strong>Objetivos generales:<\/strong><\/span><\/p>\n<p>Conocer las caracter\u00edsticas principales de las migraciones contempor\u00e1neas, sus diversas manifestaciones y las principales especificidades de las personas que migran, as\u00ed como evidenciar las causas que promueven conductas discriminatorias y actos xen\u00f3fobos.<\/p>\n<p>Suministrar los conocimientos b\u00e1sicos para prevenir y erradicar conductas xen\u00f3fobas y discriminatorias que afectan a las personas migrantes.<\/p>\n<h2><span style=\"color: #800000;\"><strong>Unidad I. Migraciones y movilidades: definiciones y escenario contempor\u00e1neo<\/strong><\/span><\/h2>\n<p><span style=\"color: #000000;\">Objetivo espec\u00edfico:<\/span><\/p>\n<p>Conocer diversas expresiones migratorias a fin de identificar las que caracterizan al<br \/>\nescenario contempor\u00e1neo global y nacional.<\/p>\n<ol>\n<li>Migraciones humanas: \u00bfde qu\u00e9 estamos hablando?<\/li>\n<li>Un poquito de historia previa sobre la movilidad humana<\/li>\n<li>Las migraciones contempor\u00e1neas en el escenario global: \u00bfqu\u00e9 est\u00e1 pasando?<\/li>\n<\/ol>\n<h2><span style=\"color: #800000;\"><strong>Unidad II. Discriminaci\u00f3n y xenofobia hacia las personas migrantes<\/strong><\/span><\/h2>\n<p><span style=\"color: #000000;\">Objetivo espec\u00edfico:<\/span><\/p>\n<p>Conocer la noci\u00f3n de xenofobia como una forma de discriminaci\u00f3n e identificar los<br \/>\nactos xen\u00f3fobos que afectan a las personas migrantes a fin de reconocer aquellas<br \/>\npr\u00e1cticas cotidianas que promueven o reproducen dicho comportamiento.<\/p>\n<ol>\n<li>\u00bfQu\u00e9 es la discriminaci\u00f3n?<\/li>\n<li>\u00bfQu\u00e9 es la xenofobia?<\/li>\n<li>\u00bfDeseables o inconvenientes?<\/li>\n<\/ol>\n<h2><span style=\"color: #800000;\"><strong>Unidad III. \u00bfC\u00f3mo afectan la xenofobia y la discriminaci\u00f3n a las personas migrantes?<\/strong><\/span><\/h2>\n<p><span style=\"color: #000000;\">Objetivo espec\u00edfico:<\/span><\/p>\n<p>Identificar la diversidad de causas que promueven las migraciones de distintas<br \/>\npoblaciones y las caracter\u00edsticas de grupos migrantes espec\u00edficos para conocer<br \/>\nprejuicios y actos de xenofobia que los afectan.<\/p>\n<ol>\n<li>\u00bfQui\u00e9nes y por qu\u00e9 migran?<\/li>\n<li>Iguales pero diferentes: caracter\u00edsticas y prejuicios vinculados con poblaciones migrantes espec\u00edficas<\/li>\n<li>\u201cLos expulsados\u201d: migraciones involuntarias y situaciones de discriminaci\u00f3n<\/li>\n<\/ol>\n<h2><span style=\"color: #800000;\"><strong>Unidad IV. Derecho a migrar y a la no discriminaci\u00f3n. Prevenci\u00f3n de la xenofobia hacia las personas migrantes.<\/strong><\/span><\/h2>\n<p><span style=\"color: #000000;\">Objetivo espec\u00edfico:<\/span><\/p>\n<p>Conocer los principales instrumentos jur\u00eddicos -nacionales e internacionales- que protegen a personas migrantes y solicitantes de la condici\u00f3n de refugiado a fin de suministrar herramientas de protecci\u00f3n y promoci\u00f3n de la no discriminaci\u00f3n.<\/p>\n<ol>\n<li>El derecho a la no discriminaci\u00f3n<\/li>\n<li>Protecci\u00f3n a los derechos de las personas migrantes<\/li>\n<li>\u00bfQu\u00e9 se puede hacer para proteger a la poblaci\u00f3n migrante de pr\u00e1cticas xen\u00f3fobas y discriminatorias?<\/li>\n<li>Hospitalidad, interculturalidad e integraci\u00f3n: aprendiendo a vivir juntos<\/li>\n<li>\u00bfA d\u00f3nde acudir y para qu\u00e9 cuando se reconocen pr\u00e1cticas discriminatorias?<\/li>\n<\/ol>\n","protected":false},"excerpt":{"rendered":"<p>Objetivos generales: Conocer las caracter\u00edsticas principales de las migraciones contempor\u00e1neas, sus diversas manifestaciones y las principales especificidades de las personas que migran, as\u00ed como evidenciar las causas que promueven conductas discriminatorias y actos xen\u00f3fobos. Suministrar los conocimientos b\u00e1sicos para prevenir &hellip; <a href=\"https:\/\/conectate.conapred.gob.mx\/index.php\/2021\/07\/28\/migracion-y-xenofobia\/\">Sigue leyendo <span class=\"meta-nav\">&rarr;<\/span><\/a><\/p>\n","protected":false},"author":5,"featured_media":0,"comment_status":"closed","ping_status":"closed","sticky":false,"template":"","format":"standard","meta":{"_monsterinsights_skip_tracking":false,"_monsterinsights_sitenote_active":false,"_monsterinsights_sitenote_note":"","_monsterinsights_sitenote_category":0,"_uf_show_specific_survey":0,"_uf_disable_surveys":false,"footnotes":""},"categories":[1],"tags":[],"class_list":["post-307","post","type-post","status-publish","format-standard","hentry","category-sin-categoria"],"aioseo_notices":[],"_links":{"self":[{"href":"https:\/\/conectate.conapred.gob.mx\/index.php\/wp-json\/wp\/v2\/posts\/307","targetHints":{"allow":["GET"]}}],"collection":[{"href":"https:\/\/conectate.conapred.gob.mx\/index.php\/wp-json\/wp\/v2\/posts"}],"about":[{"href":"https:\/\/conectate.conapred.gob.mx\/index.php\/wp-json\/wp\/v2\/types\/post"}],"author":[{"embeddable":true,"href":"https:\/\/conectate.conapred.gob.mx\/index.php\/wp-json\/wp\/v2\/users\/5"}],"replies":[{"embeddable":true,"href":"https:\/\/conectate.conapred.gob.mx\/index.php\/wp-json\/wp\/v2\/comments?post=307"}],"version-history":[{"count":6,"href":"https:\/\/conectate.conapred.gob.mx\/index.php\/wp-json\/wp\/v2\/posts\/307\/revisions"}],"predecessor-version":[{"id":7538,"href":"https:\/\/conectate.conapred.gob.mx\/index.php\/wp-json\/wp\/v2\/posts\/307\/revisions\/7538"}],"wp:attachment":[{"href":"https:\/\/conectate.conapred.gob.mx\/index.php\/wp-json\/wp\/v2\/media?parent=307"}],"wp:term":[{"taxonomy":"category","embeddable":true,"href":"https:\/\/conectate.conapred.gob.mx\/index.php\/wp-json\/wp\/v2\/categories?post=307"},{"taxonomy":"post_tag","embeddable":true,"href":"https:\/\/conectate.conapred.gob.mx\/index.php\/wp-json\/wp\/v2\/tags?post=307"}],"curies":[{"name":"wp","href":"https:\/\/api.w.org\/{rel}","templated":true}]}}