{"id":316,"date":"2021-07-29T14:15:53","date_gmt":"2021-07-29T19:15:53","guid":{"rendered":"http:\/\/52.188.161.131\/wordpress\/?p=316"},"modified":"2025-06-13T14:21:24","modified_gmt":"2025-06-13T20:21:24","slug":"el-derecho-a-la-igualdad-y-la-no-discriminacion-de-la-poblacion-afromexicana","status":"publish","type":"post","link":"https:\/\/conectate.conapred.gob.mx\/index.php\/2021\/07\/29\/el-derecho-a-la-igualdad-y-la-no-discriminacion-de-la-poblacion-afromexicana\/","title":{"rendered":"El derecho a la igualdad y la no discriminaci\u00f3n de la poblaci\u00f3n afromexicana"},"content":{"rendered":"<p><span style=\"color: #800000;\"><strong>Objetivos generales:<\/strong><\/span><\/p>\n<p>Conocer la importancia de la presencia hist\u00f3rica de la poblaci\u00f3n de origen africano en M\u00e9xico, para comprender la realidad de las comunidades afromexicanas y reflexionar acerca de la discriminaci\u00f3n racial y el racismo que enfrentan, a partir de los contextos hist\u00f3rico y actual.<\/p>\n<p>Contribuir a la construcci\u00f3n de una cultura de respeto a los derechos fundamentales y de igualdad de oportunidades a todas las personas afromexicanas, para generar algunas herramientas precisas que promuevan desde la administraci\u00f3n p\u00fablica federal el derecho a la no discriminaci\u00f3n.<\/p>\n<h2><span style=\"color: #800000;\"><strong>Unidad 1. \u00bfQui\u00e9nes son las personas afromexicanas?<\/strong><\/span><\/h2>\n<p><span style=\"color: #000000;\">Objetivo espec\u00edfico:<\/span><\/p>\n<p>Aprender a reconocer qui\u00e9nes son las personas afromexicanas a partir del contexto<br \/>\nhist\u00f3rico de M\u00e9xico, con la finalidad de identificar las principales causas y el<br \/>\ndesarrollo del racismo y la discriminaci\u00f3n racial.<\/p>\n<ol>\n<li>Las personas afrodescendientes en el mundo<\/li>\n<li>Las personas afromexicanas<\/li>\n<li>La poblaci\u00f3n afromexicana en la historia de M\u00e9xico<\/li>\n<\/ol>\n<h2><span style=\"color: #800000;\"><strong>Unidad 2. La diversidad cultural de la poblaci\u00f3n afromexicana<\/strong><\/span><\/h2>\n<p><span style=\"color: #000000;\">Objetivo espec\u00edfico:<\/span><\/p>\n<p>Reconocer la diversidad cultural de la poblaci\u00f3n afromexicana a trav\u00e9s de sus<br \/>\npr\u00e1cticas culturales para favorecer la visibilizaci\u00f3n y el ejercicio de los derechos.<\/p>\n<ol>\n<li>La Costa Chica de Guerrero y Oaxaca<\/li>\n<li>Veracruz<\/li>\n<li>Coahuila<\/li>\n<li>Chiapas y Michoac\u00e1n<\/li>\n<li>\u00bfD\u00f3nde m\u00e1s? Asentamientos afromexicanos no identificados formalmente<\/li>\n<li>Poblaciones afrodescendientes en condici\u00f3n migratoria<\/li>\n<\/ol>\n<h2><span style=\"color: #800000;\"><strong>Unidad 3. El derecho a la igualdad frente al racismo, la discriminaci\u00f3n racial y la Xenofobia<\/strong><\/span><\/h2>\n<p><span style=\"color: #000000;\">Objetivo espec\u00edfico:<\/span><\/p>\n<p>Identificar los principales problemas que enfrenta la poblaci\u00f3n afromexicana en el<br \/>\nejercicio de sus derechos a trav\u00e9s de expresiones discriminatorias para favorecer<br \/>\nel trato igualitario y el derecho a la no discriminaci\u00f3n.<\/p>\n<ol>\n<li>Racismo, Discriminaci\u00f3n racial y Xenofobia<\/li>\n<li>El derecho a la igualdad y a la no discriminaci\u00f3n.<\/li>\n<li>Avances, retos y tareas pendientes del Estado mexicano<\/li>\n<\/ol>\n<h2><span style=\"color: #800000;\"><strong>Unidad 4. El Decenio Internacional de las Poblaciones Afrodescendientes 2015-2024: los retos de las pol\u00edticas p\u00fablicas.<\/strong><\/span><\/h2>\n<p><span style=\"color: #000000;\">Objetivo espec\u00edfico:<\/span><\/p>\n<p>Conocer el programa de actividades del Decenio Internacional para las personas afrodescendientes, con la intenci\u00f3n de fortalecer la cooperaci\u00f3n nacional, regional e internacional en relaci\u00f3n con el pleno disfrute de los derechos econ\u00f3micos, sociales, culturales, civiles y pol\u00edticos de las personas afromexicanas, y su plena e igualitaria participaci\u00f3n en todos los aspectos de la sociedad, para favorecer el derecho a la no discriminaci\u00f3n en M\u00e9xico.<\/p>\n<ol>\n<li>Por qu\u00e9 es importante el Decenio Internacional de los afrodescendientes.<\/li>\n<li>Reconocimiento, justicia y desarrollo: el lema del decenio y su relaci\u00f3n con el derecho a la igualdad y no discriminaci\u00f3n.<\/li>\n<li>Los objetivos del decenio: acciones para su cumplimiento.<\/li>\n<\/ol>\n","protected":false},"excerpt":{"rendered":"<p>Objetivos generales: Conocer la importancia de la presencia hist\u00f3rica de la poblaci\u00f3n de origen africano en M\u00e9xico, para comprender la realidad de las comunidades afromexicanas y reflexionar acerca de la discriminaci\u00f3n racial y el racismo que enfrentan, a partir de &hellip; <a href=\"https:\/\/conectate.conapred.gob.mx\/index.php\/2021\/07\/29\/el-derecho-a-la-igualdad-y-la-no-discriminacion-de-la-poblacion-afromexicana\/\">Sigue leyendo <span class=\"meta-nav\">&rarr;<\/span><\/a><\/p>\n","protected":false},"author":5,"featured_media":0,"comment_status":"closed","ping_status":"closed","sticky":false,"template":"","format":"standard","meta":{"_monsterinsights_skip_tracking":false,"_monsterinsights_sitenote_active":false,"_monsterinsights_sitenote_note":"","_monsterinsights_sitenote_category":0,"_uf_show_specific_survey":0,"_uf_disable_surveys":false,"footnotes":""},"categories":[1],"tags":[],"class_list":["post-316","post","type-post","status-publish","format-standard","hentry","category-sin-categoria"],"aioseo_notices":[],"_links":{"self":[{"href":"https:\/\/conectate.conapred.gob.mx\/index.php\/wp-json\/wp\/v2\/posts\/316","targetHints":{"allow":["GET"]}}],"collection":[{"href":"https:\/\/conectate.conapred.gob.mx\/index.php\/wp-json\/wp\/v2\/posts"}],"about":[{"href":"https:\/\/conectate.conapred.gob.mx\/index.php\/wp-json\/wp\/v2\/types\/post"}],"author":[{"embeddable":true,"href":"https:\/\/conectate.conapred.gob.mx\/index.php\/wp-json\/wp\/v2\/users\/5"}],"replies":[{"embeddable":true,"href":"https:\/\/conectate.conapred.gob.mx\/index.php\/wp-json\/wp\/v2\/comments?post=316"}],"version-history":[{"count":6,"href":"https:\/\/conectate.conapred.gob.mx\/index.php\/wp-json\/wp\/v2\/posts\/316\/revisions"}],"predecessor-version":[{"id":7537,"href":"https:\/\/conectate.conapred.gob.mx\/index.php\/wp-json\/wp\/v2\/posts\/316\/revisions\/7537"}],"wp:attachment":[{"href":"https:\/\/conectate.conapred.gob.mx\/index.php\/wp-json\/wp\/v2\/media?parent=316"}],"wp:term":[{"taxonomy":"category","embeddable":true,"href":"https:\/\/conectate.conapred.gob.mx\/index.php\/wp-json\/wp\/v2\/categories?post=316"},{"taxonomy":"post_tag","embeddable":true,"href":"https:\/\/conectate.conapred.gob.mx\/index.php\/wp-json\/wp\/v2\/tags?post=316"}],"curies":[{"name":"wp","href":"https:\/\/api.w.org\/{rel}","templated":true}]}}