{"id":325,"date":"2021-07-29T16:51:22","date_gmt":"2021-07-29T21:51:22","guid":{"rendered":"http:\/\/52.188.161.131\/wordpress\/?p=325"},"modified":"2025-06-13T14:20:15","modified_gmt":"2025-06-13T20:20:15","slug":"abc-de-la-accesibilidad-web","status":"publish","type":"post","link":"https:\/\/conectate.conapred.gob.mx\/index.php\/2021\/07\/29\/abc-de-la-accesibilidad-web\/","title":{"rendered":"ABC de la accesibilidad web"},"content":{"rendered":"<p><span style=\"color: #800000;\"><strong>Objetivo general:<\/strong><\/span><\/p>\n<p>Identificar la estructura b\u00e1sica de la accesibilidad web, partiendo de la necesidad de elaborar un dise\u00f1o universal que permita a las personas con discapacidad el acceso a la informaci\u00f3n en condiciones de igualdad y sin discriminaci\u00f3n.<\/p>\n<p><span style=\"color: #800000;\"><strong>Unidad I: La discapacidad y el entorno accesible<\/strong><\/span><\/p>\n<p><span style=\"color: #000000;\">Objetivo espec\u00edfico:<\/span><\/p>\n<p>Identificar las principales caracter\u00edsticas del paradigma de derechos humanos de la discapacidad frente a paradigmas excluyentes para reconocer la importancia de crear entornos accesibles que permitan el ejercicio de derechos y libertades fundamentales a todas las personas.<\/p>\n<ol>\n<li>Los paradigmas de la discapacidad<\/li>\n<li>La Convenci\u00f3n sobre los Derechos de las Personas con Discapacidad como instrumento impulsor de la inclusi\u00f3n<\/li>\n<li>\u00bfQu\u00e9 es la accesibilidad?<\/li>\n<li>Dise\u00f1o universal como agente de cambio de paradigmas<\/li>\n<\/ol>\n<p><span style=\"color: #800000;\"><strong>Unidad II. La accesibilidad en las tecnolog\u00edas<\/strong><\/span><\/p>\n<p><span style=\"color: #000000;\">Objetivos espec\u00edficos:<\/span><\/p>\n<ul>\n<li>Reflexionar acerca del acceso a la informaci\u00f3n y servicios de las personas con discapacidad y c\u00f3mo las tecnolog\u00edas de la informaci\u00f3n pueden aportar beneficios a la accesibilidad.<\/li>\n<li>Identificar los principios b\u00e1sicos del dise\u00f1o universal en el desarrollo de sitios web accesibles.<\/li>\n<\/ul>\n<ol>\n<li>Personas con discapacidad frente a la tecnolog\u00eda<\/li>\n<li>Una web accesible<\/li>\n<li>Usabilidad y accesibilidad web El World Wide Web Consortium (W3C)<\/li>\n<li>Principios y pautas de accesibilidad al contenido de la web<\/li>\n<li>Pruebas b\u00e1sicas de accesibilidad en sitios web<\/li>\n<\/ol>\n<p><span style=\"color: #800000;\"><strong>Unidad III. El panorama de la accesibilidad web<\/strong><\/span><\/p>\n<p><span style=\"color: #000000;\">Objetivo espec\u00edfico:<\/span><\/p>\n<p>Conocer algunas normas y directrices del gobierno federal relativas a la accesibilidad web en M\u00e9xico, as\u00ed como recomendaciones b\u00e1sicas para la promoci\u00f3n de sitios web accesibles.<\/p>\n<ol>\n<li>La accesibilidad web en M\u00e9xico<\/li>\n<li>Beneficios de la accesibilidad web<\/li>\n<\/ol>\n","protected":false},"excerpt":{"rendered":"<p>Objetivo general: Identificar la estructura b\u00e1sica de la accesibilidad web, partiendo de la necesidad de elaborar un dise\u00f1o universal que permita a las personas con discapacidad el acceso a la informaci\u00f3n en condiciones de igualdad y sin discriminaci\u00f3n. Unidad I: &hellip; <a href=\"https:\/\/conectate.conapred.gob.mx\/index.php\/2021\/07\/29\/abc-de-la-accesibilidad-web\/\">Sigue leyendo <span class=\"meta-nav\">&rarr;<\/span><\/a><\/p>\n","protected":false},"author":5,"featured_media":0,"comment_status":"closed","ping_status":"closed","sticky":false,"template":"","format":"standard","meta":{"_monsterinsights_skip_tracking":false,"_monsterinsights_sitenote_active":false,"_monsterinsights_sitenote_note":"","_monsterinsights_sitenote_category":0,"_uf_show_specific_survey":0,"_uf_disable_surveys":false,"footnotes":""},"categories":[1],"tags":[],"class_list":["post-325","post","type-post","status-publish","format-standard","hentry","category-sin-categoria"],"aioseo_notices":[],"_links":{"self":[{"href":"https:\/\/conectate.conapred.gob.mx\/index.php\/wp-json\/wp\/v2\/posts\/325","targetHints":{"allow":["GET"]}}],"collection":[{"href":"https:\/\/conectate.conapred.gob.mx\/index.php\/wp-json\/wp\/v2\/posts"}],"about":[{"href":"https:\/\/conectate.conapred.gob.mx\/index.php\/wp-json\/wp\/v2\/types\/post"}],"author":[{"embeddable":true,"href":"https:\/\/conectate.conapred.gob.mx\/index.php\/wp-json\/wp\/v2\/users\/5"}],"replies":[{"embeddable":true,"href":"https:\/\/conectate.conapred.gob.mx\/index.php\/wp-json\/wp\/v2\/comments?post=325"}],"version-history":[{"count":6,"href":"https:\/\/conectate.conapred.gob.mx\/index.php\/wp-json\/wp\/v2\/posts\/325\/revisions"}],"predecessor-version":[{"id":7535,"href":"https:\/\/conectate.conapred.gob.mx\/index.php\/wp-json\/wp\/v2\/posts\/325\/revisions\/7535"}],"wp:attachment":[{"href":"https:\/\/conectate.conapred.gob.mx\/index.php\/wp-json\/wp\/v2\/media?parent=325"}],"wp:term":[{"taxonomy":"category","embeddable":true,"href":"https:\/\/conectate.conapred.gob.mx\/index.php\/wp-json\/wp\/v2\/categories?post=325"},{"taxonomy":"post_tag","embeddable":true,"href":"https:\/\/conectate.conapred.gob.mx\/index.php\/wp-json\/wp\/v2\/tags?post=325"}],"curies":[{"name":"wp","href":"https:\/\/api.w.org\/{rel}","templated":true}]}}