{"id":328,"date":"2021-07-29T16:55:11","date_gmt":"2021-07-29T21:55:11","guid":{"rendered":"http:\/\/52.188.161.131\/wordpress\/?p=328"},"modified":"2025-06-13T14:19:41","modified_gmt":"2025-06-13T20:19:41","slug":"principios-de-la-educacion-inclusiva","status":"publish","type":"post","link":"https:\/\/conectate.conapred.gob.mx\/index.php\/2021\/07\/29\/principios-de-la-educacion-inclusiva\/","title":{"rendered":"Principios de la educaci\u00f3n inclusiva"},"content":{"rendered":"<p><span style=\"color: #800000;\"><strong>Objetivo general:<\/strong><\/span><\/p>\n<p>Distinguir los principios y ejes fundamentales de la inclusi\u00f3n en la educaci\u00f3n como herramienta de sensibilizaci\u00f3n para incidir en el trato igualitario de las personas, respetando sus caracter\u00edsticas individuales.<\/p>\n<h2><span style=\"color: #800000;\"><strong>Unidad 1. Principios de la inclusi\u00f3n como res<\/strong>puesta a la diversidad<\/span><\/h2>\n<p><span style=\"color: #000000;\">Objetivo espec\u00edfico:<\/span><\/p>\n<p>Identificar los aspectos m\u00e1s relevantes de la inclusi\u00f3n como elemento clave de la diversidad, y de rechazo a pr\u00e1cticas discriminatorias en el actuar cotidiano.<\/p>\n<ol>\n<li>La diversidad como elemento detonador del derecho a la igualdad y a la no discriminaci\u00f3n<\/li>\n<li>Exclusi\u00f3n, segregaci\u00f3n, integraci\u00f3n e inclusi\u00f3n en el entorno educativo<\/li>\n<li>Grupos sujetos a la exclusi\u00f3n en la educaci\u00f3n<\/li>\n<\/ol>\n<h2><span style=\"color: #800000;\">Unidad 2. La educaci\u00f3n inclusiva como agente de cambio socio-cultural<\/span><\/h2>\n<p><span style=\"color: #000000;\">Objetivo espec\u00edfico:<\/span><\/p>\n<p>Reconocer los principios de la educaci\u00f3n inclusiva que permitan incidir positivamente en el acceso y goce del derecho a la educaci\u00f3n de calidad.<\/p>\n<ol>\n<li>\u00bfQu\u00e9 es la educaci\u00f3n inclusiva?<\/li>\n<li>Mitos y realidades de la educaci\u00f3n inclusiva<\/li>\n<li>Principios de la educaci\u00f3n inclusiva<\/li>\n<\/ol>\n<h2><span style=\"color: #800000;\">Unidad 3. Pensar, decir y hacer para la educaci\u00f3n inclusiva<\/span><\/h2>\n<p><span style=\"color: #000000;\">Objetivo espec\u00edfico:<\/span><\/p>\n<p>Reflexionar sobre las actitudes y conductas de las personas inmersas en distintos contextos educativos y los principios de la educaci\u00f3n inclusiva para promover el respeto y acceso de los derechos.<\/p>\n<ol>\n<li>Pensar en forma incluyente<\/li>\n<li>Decir en forma incluyente<\/li>\n<li>Hacer en forma incluyente<\/li>\n<\/ol>\n","protected":false},"excerpt":{"rendered":"<p>Objetivo general: Distinguir los principios y ejes fundamentales de la inclusi\u00f3n en la educaci\u00f3n como herramienta de sensibilizaci\u00f3n para incidir en el trato igualitario de las personas, respetando sus caracter\u00edsticas individuales. Unidad 1. Principios de la inclusi\u00f3n como respuesta a &hellip; <a href=\"https:\/\/conectate.conapred.gob.mx\/index.php\/2021\/07\/29\/principios-de-la-educacion-inclusiva\/\">Sigue leyendo <span class=\"meta-nav\">&rarr;<\/span><\/a><\/p>\n","protected":false},"author":5,"featured_media":0,"comment_status":"closed","ping_status":"closed","sticky":false,"template":"","format":"standard","meta":{"_monsterinsights_skip_tracking":false,"_monsterinsights_sitenote_active":false,"_monsterinsights_sitenote_note":"","_monsterinsights_sitenote_category":0,"_uf_show_specific_survey":0,"_uf_disable_surveys":false,"footnotes":""},"categories":[1],"tags":[],"class_list":["post-328","post","type-post","status-publish","format-standard","hentry","category-sin-categoria"],"aioseo_notices":[],"_links":{"self":[{"href":"https:\/\/conectate.conapred.gob.mx\/index.php\/wp-json\/wp\/v2\/posts\/328","targetHints":{"allow":["GET"]}}],"collection":[{"href":"https:\/\/conectate.conapred.gob.mx\/index.php\/wp-json\/wp\/v2\/posts"}],"about":[{"href":"https:\/\/conectate.conapred.gob.mx\/index.php\/wp-json\/wp\/v2\/types\/post"}],"author":[{"embeddable":true,"href":"https:\/\/conectate.conapred.gob.mx\/index.php\/wp-json\/wp\/v2\/users\/5"}],"replies":[{"embeddable":true,"href":"https:\/\/conectate.conapred.gob.mx\/index.php\/wp-json\/wp\/v2\/comments?post=328"}],"version-history":[{"count":6,"href":"https:\/\/conectate.conapred.gob.mx\/index.php\/wp-json\/wp\/v2\/posts\/328\/revisions"}],"predecessor-version":[{"id":7534,"href":"https:\/\/conectate.conapred.gob.mx\/index.php\/wp-json\/wp\/v2\/posts\/328\/revisions\/7534"}],"wp:attachment":[{"href":"https:\/\/conectate.conapred.gob.mx\/index.php\/wp-json\/wp\/v2\/media?parent=328"}],"wp:term":[{"taxonomy":"category","embeddable":true,"href":"https:\/\/conectate.conapred.gob.mx\/index.php\/wp-json\/wp\/v2\/categories?post=328"},{"taxonomy":"post_tag","embeddable":true,"href":"https:\/\/conectate.conapred.gob.mx\/index.php\/wp-json\/wp\/v2\/tags?post=328"}],"curies":[{"name":"wp","href":"https:\/\/api.w.org\/{rel}","templated":true}]}}