{"id":332,"date":"2021-07-29T17:03:12","date_gmt":"2021-07-29T22:03:12","guid":{"rendered":"http:\/\/52.188.161.131\/wordpress\/?p=332"},"modified":"2025-06-13T14:19:20","modified_gmt":"2025-06-13T20:19:20","slug":"pautas-para-un-periodismo-incluyente","status":"publish","type":"post","link":"https:\/\/conectate.conapred.gob.mx\/index.php\/2021\/07\/29\/pautas-para-un-periodismo-incluyente\/","title":{"rendered":"Pautas para un periodismo incluyente"},"content":{"rendered":"<p><span style=\"color: #800000;\"><strong>Objetivo general:<\/strong><\/span><\/p>\n<p>Promover pr\u00e1cticas period\u00edsticas incluyentes a trav\u00e9s del lenguaje no discriminatorio para incidir en la construcci\u00f3n de una sociedad democr\u00e1tica.<\/p>\n<h2><span style=\"color: #800000;\"><strong>Unidad 1. Los Derechos Humanos y la no discriminaci\u00f3n<\/strong><\/span><\/h2>\n<p><span style=\"color: #000000;\">Objetivo espec\u00edfico:<\/span><\/p>\n<p>Reconocer los derechos humanos, el derecho a la igualdad y no discriminaci\u00f3n<br \/>\ncomo elementos fundamentales del desarrollo humano e informativo.<\/p>\n<ol>\n<li>\u00bfQu\u00e9 son los derechos humanos?<\/li>\n<li>La no discriminaci\u00f3n: el derecho llave<\/li>\n<li>\u00bfPor qu\u00e9 es importante hablar de discriminaci\u00f3n?<\/li>\n<\/ol>\n<h2><span style=\"color: #800000;\">Unidad 2. \u00bfQu\u00e9 hay detr\u00e1s de la discriminaci\u00f3n en el periodismo?<\/span><\/h2>\n<p><span style=\"color: #000000;\">Objetivo espec\u00edfico<\/span><\/p>\n<p>Identificar los elementos que refuerzan la reproducci\u00f3n de prejuicios, estereotipos y estigmas en el quehacer period\u00edstico para generar coberturas y tratamientos de informaci\u00f3n incluyentes a trav\u00e9s de los distintos medios de comunicaci\u00f3n.<\/p>\n<ol>\n<li>Libertad de expresi\u00f3n frente al derecho a la no discriminaci\u00f3n<\/li>\n<li>Prejuicios, estereotipos y estigmas<\/li>\n<li>Periodismo que excluye<\/li>\n<\/ol>\n<h2><span style=\"color: #800000;\">Unidad 3. Comunicar sin excluir<\/span><\/h2>\n<p><span style=\"color: #000000;\">Objetivo espec\u00edfico:<\/span><\/p>\n<p>Identificar los elementos b\u00e1sicos del periodismo social con enfoque de igualdad y no discriminaci\u00f3n que permitan contar con los elementos b\u00e1sicos para elaborar contenidos incluyentes.<\/p>\n<ol>\n<li>Pautas para un periodismo social con perspectiva de no discriminaci\u00f3n.<\/li>\n<li>Buscar en el lugar indicado<\/li>\n<li>Consideraciones para el abordaje de la no discriminaci\u00f3n en la noticia<\/li>\n<\/ol>\n<h2><span style=\"color: #800000;\">Unidad 4. La relevancia de la labor period\u00edstica en la construcci\u00f3n de una sociedad incluyente<\/span><\/h2>\n<p><span style=\"color: #000000;\">Objetivo espec\u00edfico:<\/span><\/p>\n<p>Reconocer las ventajas y oportunidades de las coberturas period\u00edsticas incluyentes para transformar la agenda period\u00edstica en materia de igualdad y no discriminaci\u00f3n y lograr la consolidaci\u00f3n de la inclusi\u00f3n dentro del periodismo.<\/p>\n<ol>\n<li>Distribuci\u00f3n e impacto de la noticia<\/li>\n<li>El horizonte period\u00edstico<\/li>\n<li>\u00bfPor qu\u00e9 y para qu\u00e9 hacer un periodismo incluyente?<\/li>\n<\/ol>\n","protected":false},"excerpt":{"rendered":"<p>Objetivo general: Promover pr\u00e1cticas period\u00edsticas incluyentes a trav\u00e9s del lenguaje no discriminatorio para incidir en la construcci\u00f3n de una sociedad democr\u00e1tica. Unidad 1. Los Derechos Humanos y la no discriminaci\u00f3n Objetivo espec\u00edfico: Reconocer los derechos humanos, el derecho a la &hellip; <a href=\"https:\/\/conectate.conapred.gob.mx\/index.php\/2021\/07\/29\/pautas-para-un-periodismo-incluyente\/\">Sigue leyendo <span class=\"meta-nav\">&rarr;<\/span><\/a><\/p>\n","protected":false},"author":5,"featured_media":0,"comment_status":"closed","ping_status":"closed","sticky":false,"template":"","format":"standard","meta":{"_monsterinsights_skip_tracking":false,"_monsterinsights_sitenote_active":false,"_monsterinsights_sitenote_note":"","_monsterinsights_sitenote_category":0,"_uf_show_specific_survey":0,"_uf_disable_surveys":false,"footnotes":""},"categories":[1],"tags":[],"class_list":["post-332","post","type-post","status-publish","format-standard","hentry","category-sin-categoria"],"aioseo_notices":[],"_links":{"self":[{"href":"https:\/\/conectate.conapred.gob.mx\/index.php\/wp-json\/wp\/v2\/posts\/332","targetHints":{"allow":["GET"]}}],"collection":[{"href":"https:\/\/conectate.conapred.gob.mx\/index.php\/wp-json\/wp\/v2\/posts"}],"about":[{"href":"https:\/\/conectate.conapred.gob.mx\/index.php\/wp-json\/wp\/v2\/types\/post"}],"author":[{"embeddable":true,"href":"https:\/\/conectate.conapred.gob.mx\/index.php\/wp-json\/wp\/v2\/users\/5"}],"replies":[{"embeddable":true,"href":"https:\/\/conectate.conapred.gob.mx\/index.php\/wp-json\/wp\/v2\/comments?post=332"}],"version-history":[{"count":6,"href":"https:\/\/conectate.conapred.gob.mx\/index.php\/wp-json\/wp\/v2\/posts\/332\/revisions"}],"predecessor-version":[{"id":7533,"href":"https:\/\/conectate.conapred.gob.mx\/index.php\/wp-json\/wp\/v2\/posts\/332\/revisions\/7533"}],"wp:attachment":[{"href":"https:\/\/conectate.conapred.gob.mx\/index.php\/wp-json\/wp\/v2\/media?parent=332"}],"wp:term":[{"taxonomy":"category","embeddable":true,"href":"https:\/\/conectate.conapred.gob.mx\/index.php\/wp-json\/wp\/v2\/categories?post=332"},{"taxonomy":"post_tag","embeddable":true,"href":"https:\/\/conectate.conapred.gob.mx\/index.php\/wp-json\/wp\/v2\/tags?post=332"}],"curies":[{"name":"wp","href":"https:\/\/api.w.org\/{rel}","templated":true}]}}