{"id":338,"date":"2021-07-29T17:33:24","date_gmt":"2021-07-29T22:33:24","guid":{"rendered":"http:\/\/52.188.161.131\/wordpress\/?p=338"},"modified":"2025-06-13T14:18:48","modified_gmt":"2025-06-13T20:18:48","slug":"iguales-y-diferentes-la-ciudadania-en-los-procesos-electorales","status":"publish","type":"post","link":"https:\/\/conectate.conapred.gob.mx\/index.php\/2021\/07\/29\/iguales-y-diferentes-la-ciudadania-en-los-procesos-electorales\/","title":{"rendered":"Iguales y diferentes: La ciudadan\u00eda en los procesos electorales"},"content":{"rendered":"<p><span style=\"color: #800000;\"><strong>Objetivo general:<\/strong><\/span><\/p>\n<p>Fomentar la prevenci\u00f3n de pr\u00e1cticas discriminatorias en los procesos electorales para garantizar los derechos pol\u00edtico-electorales de todas las personas y contribuir en la construcci\u00f3n de una sociedad democr\u00e1tica.<\/p>\n<h2><span style=\"color: #800000;\">Unidad 1. Igualdad pol\u00edtica, no discriminaci\u00f3n y Estado democr\u00e1tico<\/span><\/h2>\n<p><span style=\"color: #000000;\">Objetivos espec\u00edficos:<\/span><\/p>\n<ul>\n<li>Reconocer las consecuencias que afectan la igualdad pol\u00edtica a partir de las manifestaciones de la discriminaci\u00f3n que se gestan en las pr\u00e1cticas cotidianas.<\/li>\n<li>Identificar las caracter\u00edsticas m\u00ednimas generales de un Estado democr\u00e1tico a trav\u00e9s del principio de igualdad pol\u00edtica para reconocer que promueven el derecho a la no discriminaci\u00f3n.<\/li>\n<\/ul>\n<ol>\n<li>Panorama general de la discriminaci\u00f3n en M\u00e9xico<\/li>\n<li>Igualdad pol\u00edtica y no discriminaci\u00f3n<\/li>\n<li>Implicaciones generales del Estado democr\u00e1tico<\/li>\n<\/ol>\n<h2><span style=\"color: #800000;\">Unidad 2. Participar sin discriminar en los procesos electorales<\/span><\/h2>\n<p><span style=\"color: #000000;\">Objetivo espec\u00edfico:<\/span><\/p>\n<ul>\n<li>Identificar los elementos principales que conforman el proceso electoral en M\u00e9xico para incidir en el ejercicio de los derechos pol\u00edtico-electorales.<\/li>\n<\/ul>\n<ol>\n<li>El proceso electoral en M\u00e9xico.<\/li>\n<li>La participaci\u00f3n ciudadana en la democracia<\/li>\n<li>Los derechos pol\u00edtico-electorales de grupos en situaci\u00f3n de discriminaci\u00f3n<\/li>\n<\/ol>\n<h2><span style=\"color: #800000;\">Unidad 3. Hacia la construcci\u00f3n de un Estado democr\u00e1tico y sin discriminaci\u00f3n<\/span><\/h2>\n<p><span style=\"color: #000000;\">Objetivo espec\u00edfico:<\/span><\/p>\n<ul>\n<li>Reconocer la importancia de la responsabilidad social, pol\u00edtica y \u00e9tica de los actores sociales para ayudar a prevenir la discriminaci\u00f3n en el \u00e1mbito electoral a trav\u00e9s de estrategias comunicativas y educativas.<\/li>\n<\/ul>\n<ol>\n<li>Educaci\u00f3n para la construcci\u00f3n de la democracia<\/li>\n<li>Medios de comunicaci\u00f3n y democracia<\/li>\n<li>La inclusi\u00f3n electoral<\/li>\n<\/ol>\n","protected":false},"excerpt":{"rendered":"<p>Objetivo general: Fomentar la prevenci\u00f3n de pr\u00e1cticas discriminatorias en los procesos electorales para garantizar los derechos pol\u00edtico-electorales de todas las personas y contribuir en la construcci\u00f3n de una sociedad democr\u00e1tica. Unidad 1. Igualdad pol\u00edtica, no discriminaci\u00f3n y Estado democr\u00e1tico Objetivos &hellip; <a href=\"https:\/\/conectate.conapred.gob.mx\/index.php\/2021\/07\/29\/iguales-y-diferentes-la-ciudadania-en-los-procesos-electorales\/\">Sigue leyendo <span class=\"meta-nav\">&rarr;<\/span><\/a><\/p>\n","protected":false},"author":5,"featured_media":0,"comment_status":"closed","ping_status":"closed","sticky":false,"template":"","format":"standard","meta":{"_monsterinsights_skip_tracking":false,"_monsterinsights_sitenote_active":false,"_monsterinsights_sitenote_note":"","_monsterinsights_sitenote_category":0,"_uf_show_specific_survey":0,"_uf_disable_surveys":false,"footnotes":""},"categories":[1],"tags":[],"class_list":["post-338","post","type-post","status-publish","format-standard","hentry","category-sin-categoria"],"aioseo_notices":[],"_links":{"self":[{"href":"https:\/\/conectate.conapred.gob.mx\/index.php\/wp-json\/wp\/v2\/posts\/338","targetHints":{"allow":["GET"]}}],"collection":[{"href":"https:\/\/conectate.conapred.gob.mx\/index.php\/wp-json\/wp\/v2\/posts"}],"about":[{"href":"https:\/\/conectate.conapred.gob.mx\/index.php\/wp-json\/wp\/v2\/types\/post"}],"author":[{"embeddable":true,"href":"https:\/\/conectate.conapred.gob.mx\/index.php\/wp-json\/wp\/v2\/users\/5"}],"replies":[{"embeddable":true,"href":"https:\/\/conectate.conapred.gob.mx\/index.php\/wp-json\/wp\/v2\/comments?post=338"}],"version-history":[{"count":6,"href":"https:\/\/conectate.conapred.gob.mx\/index.php\/wp-json\/wp\/v2\/posts\/338\/revisions"}],"predecessor-version":[{"id":7532,"href":"https:\/\/conectate.conapred.gob.mx\/index.php\/wp-json\/wp\/v2\/posts\/338\/revisions\/7532"}],"wp:attachment":[{"href":"https:\/\/conectate.conapred.gob.mx\/index.php\/wp-json\/wp\/v2\/media?parent=338"}],"wp:term":[{"taxonomy":"category","embeddable":true,"href":"https:\/\/conectate.conapred.gob.mx\/index.php\/wp-json\/wp\/v2\/categories?post=338"},{"taxonomy":"post_tag","embeddable":true,"href":"https:\/\/conectate.conapred.gob.mx\/index.php\/wp-json\/wp\/v2\/tags?post=338"}],"curies":[{"name":"wp","href":"https:\/\/api.w.org\/{rel}","templated":true}]}}