{"id":341,"date":"2021-07-29T17:41:39","date_gmt":"2021-07-29T22:41:39","guid":{"rendered":"http:\/\/52.188.161.131\/wordpress\/?p=341"},"modified":"2025-06-13T14:18:06","modified_gmt":"2025-06-13T20:18:06","slug":"las-medidas-para-la-igualdad-en-el-marco-de-la-ley-federal-para-prevenir-y-eliminar-la-discriminacion","status":"publish","type":"post","link":"https:\/\/conectate.conapred.gob.mx\/index.php\/2021\/07\/29\/las-medidas-para-la-igualdad-en-el-marco-de-la-ley-federal-para-prevenir-y-eliminar-la-discriminacion\/","title":{"rendered":"Las medidas para la igualdad en el marco de la Ley Federal para Prevenir y Eliminar la Discriminaci\u00f3n"},"content":{"rendered":"<p><span style=\"color: #800000;\"><strong>Objetivo general:<\/strong><\/span><\/p>\n<p><span style=\"color: #000000;\">Comprender la importancia de las medidas para la igualdad que derivan de la Ley Federal para Prevenir la Discriminaci\u00f3n, las cuales constituyen el fundamento normativo de las pol\u00edticas p\u00fablicas con perspectiva de no discriminaci\u00f3n, con la finalidad de reconocer la importancia de disminuir las brechas de la desigualdad.<\/span><\/p>\n<h2><span style=\"color: #800000;\">Unidad 1. La discriminaci\u00f3n: definici\u00f3n, magnitud, sujetos, \u00e1mbitos y responsabilidades p\u00fablicas para combatirla<\/span><\/h2>\n<p><span style=\"color: #000000;\">Objetivo espec\u00edfico:<\/span><\/p>\n<p><span style=\"color: #000000;\">Reconocer que la discriminaci\u00f3n es un problema estructural en M\u00e9xico, conociendo su definici\u00f3n, caracter\u00edsticas y consecuencias sociales e individuales, as\u00ed como los fundamentos jur\u00eddicos para prevenirla y erradicarla, con la finalidad de comprender la importancia de una pol\u00edtica de Estado en materia de no discriminaci\u00f3n y que incluya las medidas para la igualdad.<\/span><\/p>\n<ol>\n<li><span style=\"color: #000000;\">\u00bfQu\u00e9 es la discriminaci\u00f3n?<\/span><\/li>\n<li><span style=\"color: #000000;\">\u00bfPor qu\u00e9 aprenden a discriminar las personas?<\/span><\/li>\n<li><span style=\"color: #000000;\">\u00bfCu\u00e1l es la magnitud de la discriminaci\u00f3n en la vida de las personas?<\/span><\/li>\n<\/ol>\n<h2><span style=\"color: #800000;\">Unidad 2. Los Derechos humanos, la no discriminaci\u00f3n y el marco normativo nacional; ruta hacia las medidas de la igualdad<\/span><\/h2>\n<p><span style=\"color: #000000;\">Objetivo espec\u00edfico:<\/span><\/p>\n<p><span style=\"color: #000000;\">Comprender el papel del Estado Mexicano como principal garante de los derechos humanos y de la no discriminaci\u00f3n, as\u00ed como la materializaci\u00f3n de un marco normativo nacional que establece sus obligaciones como Estado frente a estos, con la finalidad de reconocer la necesidad de garantizarlos a trav\u00e9s de pol\u00edticas p\u00fablica con perspectiva de no discriminaci\u00f3n.<\/span><\/p>\n<ol>\n<li><span style=\"color: #000000;\">\u00bfPor qu\u00e9 la no discriminaci\u00f3n se ha convertido en un elemento central en el discurso contempor\u00e1neo de los derechos humanos?<\/span><\/li>\n<li><span style=\"color: #000000;\">\u00bfCu\u00e1les son las caracter\u00edsticas de los derechos humanos y el derecho a la no discriminaci\u00f3n?<\/span><\/li>\n<li><span style=\"color: #000000;\">\u00bfQu\u00e9 es el derecho a la no discriminaci\u00f3n?<\/span><\/li>\n<li><span style=\"color: #000000;\">\u00bfPor qu\u00e9 la no discriminaci\u00f3n es una obligaci\u00f3n de Estado y una causa ciudadana?<\/span><\/li>\n<\/ol>\n<h2><span style=\"color: #800000;\">Unidad 3. Las medidas para la igualdad como rectoras en la construcci\u00f3n de pol\u00edticas p\u00fablicas con perspectiva de no discriminaci\u00f3n<\/span><\/h2>\n<p><span style=\"color: #000000;\">Objetivo espec\u00edfico:<\/span><\/p>\n<p><span style=\"color: #000000;\">Analizar la importancia de las medidas para la igualdad que derivan en la Ley Federal para Prevenir y Eliminar la Discriminaci\u00f3n, reconoci\u00e9ndolas como elementos fundamentales para la creaci\u00f3n de pol\u00edticas p\u00fablicas con perspectiva de no discriminaci\u00f3n, con la finalidad de promover acciones p\u00fablicas incluyentes en la pol\u00edtica de Estado.<\/span><\/p>\n<ol>\n<li><span style=\"color: #000000;\">\u00bfQu\u00e9 es la perspectiva de no discriminaci\u00f3n en la formulaci\u00f3n de pol\u00edticas p\u00fablicas?<\/span><\/li>\n<li><span style=\"color: #000000;\">\u00bfQu\u00e9 es la perspectiva de no discriminaci\u00f3n en la formulaci\u00f3n de pol\u00edticas p\u00fablicas?<\/span><\/li>\n<li><span style=\"color: #000000;\">\u00bfQu\u00e9 son y c\u00f3mo se clasifican las medidas para la igualdad derivadas de la LFPED?<\/span><\/li>\n<li><span style=\"color: #000000;\">\u00bfQu\u00e9 es una pol\u00edtica de Estado en materia de no discriminaci\u00f3n<\/span><\/li>\n<\/ol>\n","protected":false},"excerpt":{"rendered":"<p>Objetivo general: Comprender la importancia de las medidas para la igualdad que derivan de la Ley Federal para Prevenir la Discriminaci\u00f3n, las cuales constituyen el fundamento normativo de las pol\u00edticas p\u00fablicas con perspectiva de no discriminaci\u00f3n, con la finalidad de &hellip; <a href=\"https:\/\/conectate.conapred.gob.mx\/index.php\/2021\/07\/29\/las-medidas-para-la-igualdad-en-el-marco-de-la-ley-federal-para-prevenir-y-eliminar-la-discriminacion\/\">Sigue leyendo <span class=\"meta-nav\">&rarr;<\/span><\/a><\/p>\n","protected":false},"author":5,"featured_media":0,"comment_status":"closed","ping_status":"closed","sticky":false,"template":"","format":"standard","meta":{"_monsterinsights_skip_tracking":false,"_monsterinsights_sitenote_active":false,"_monsterinsights_sitenote_note":"","_monsterinsights_sitenote_category":0,"_uf_show_specific_survey":0,"_uf_disable_surveys":false,"footnotes":""},"categories":[1],"tags":[],"class_list":["post-341","post","type-post","status-publish","format-standard","hentry","category-sin-categoria"],"aioseo_notices":[],"_links":{"self":[{"href":"https:\/\/conectate.conapred.gob.mx\/index.php\/wp-json\/wp\/v2\/posts\/341","targetHints":{"allow":["GET"]}}],"collection":[{"href":"https:\/\/conectate.conapred.gob.mx\/index.php\/wp-json\/wp\/v2\/posts"}],"about":[{"href":"https:\/\/conectate.conapred.gob.mx\/index.php\/wp-json\/wp\/v2\/types\/post"}],"author":[{"embeddable":true,"href":"https:\/\/conectate.conapred.gob.mx\/index.php\/wp-json\/wp\/v2\/users\/5"}],"replies":[{"embeddable":true,"href":"https:\/\/conectate.conapred.gob.mx\/index.php\/wp-json\/wp\/v2\/comments?post=341"}],"version-history":[{"count":6,"href":"https:\/\/conectate.conapred.gob.mx\/index.php\/wp-json\/wp\/v2\/posts\/341\/revisions"}],"predecessor-version":[{"id":7531,"href":"https:\/\/conectate.conapred.gob.mx\/index.php\/wp-json\/wp\/v2\/posts\/341\/revisions\/7531"}],"wp:attachment":[{"href":"https:\/\/conectate.conapred.gob.mx\/index.php\/wp-json\/wp\/v2\/media?parent=341"}],"wp:term":[{"taxonomy":"category","embeddable":true,"href":"https:\/\/conectate.conapred.gob.mx\/index.php\/wp-json\/wp\/v2\/categories?post=341"},{"taxonomy":"post_tag","embeddable":true,"href":"https:\/\/conectate.conapred.gob.mx\/index.php\/wp-json\/wp\/v2\/tags?post=341"}],"curies":[{"name":"wp","href":"https:\/\/api.w.org\/{rel}","templated":true}]}}