{"id":5636,"date":"2024-08-27T11:58:37","date_gmt":"2024-08-27T16:58:37","guid":{"rendered":"http:\/\/conectate.conapred.org.mx\/?p=5636"},"modified":"2025-07-16T14:24:15","modified_gmt":"2025-07-16T20:24:15","slug":"las-mujeres-en-la-transformacion-de-la-discriminacion-y-la-desigualdad-en-defensa-de-sus-derechos-humanos","status":"publish","type":"post","link":"https:\/\/conectate.conapred.gob.mx\/index.php\/2024\/08\/27\/las-mujeres-en-la-transformacion-de-la-discriminacion-y-la-desigualdad-en-defensa-de-sus-derechos-humanos\/","title":{"rendered":"Las mujeres en la transformaci\u00f3n de la discriminaci\u00f3n y la desigualdad en defensa de sus derechos humanos"},"content":{"rendered":"<p><span style=\"color: #800000;\"><strong>Intenci\u00f3n educativa del curso:<\/strong><\/span><\/p>\n<p>Reconocer a las mujeres como personas sujetas de derechos, reflexionando c\u00f3mo viven la discriminaci\u00f3n estructural, para promover la construcci\u00f3n una sociedad libre de discriminaci\u00f3n hacia ellas.<\/p>\n<p><span style=\"color: #800000;\"><strong>Unidad 1. Discriminaci\u00f3n y desigualdades en la vida de las mujeres<\/strong><strong>\u202f <\/strong><\/span><\/p>\n<p><span style=\"color: #800000;\"><strong>Intenci\u00f3n educativa de la unidad:<\/strong><\/span><\/p>\n<p>Cuestionar la discriminaci\u00f3n, la desigualdad y la violencia que enfrentan las mujeres, problematizando sus experiencias compartidas en distintos \u00e1mbitos, para comprender la importancia de garantizar su derecho a la no discriminaci\u00f3n.<\/p>\n<p>1.1 La invisibilizaci\u00f3n de las mujeres en la historia y el impacto en sus derechos<\/p>\n<p>1.2 Discriminaci\u00f3n y desigualdad en distintos \u00e1mbitos\u202fsociales<\/p>\n<p>1.3 Las violencias como manifestaciones de la discriminaci\u00f3n<\/p>\n<p>1.4 Derecho a la igualdad y no discriminaci\u00f3n como derecho llave<\/p>\n<p><span style=\"color: #800000;\"><strong>Unidad 2. La discriminaci\u00f3n estructural hacia las mujeres<\/strong><strong>\u202f <\/strong><\/span><\/p>\n<p><strong><span style=\"color: #800000;\">Intenci\u00f3n educativa de la unidad:<\/span><\/strong><\/p>\n<p>Comprender el car\u00e1cter estructural de la discriminaci\u00f3n hacia las mujeres a partir de los sistemas de dominaci\u00f3n, opresiones y elementos socioculturales denunciados por sus luchas para fomentar una posici\u00f3n cr\u00edtica entorno a la protecci\u00f3n de sus derechos humanos sus derechos humanos.<\/p>\n<p>2.1 \u00bfQu\u00e9 es la discriminaci\u00f3n estructural?<\/p>\n<p>2.2 Formas de opresi\u00f3n y dominaci\u00f3n hacia las mujeres<\/p>\n<p>2.3 Herramientas para mirar la complejidad de la discriminaci\u00f3n<\/p>\n<p><span style=\"color: #800000;\"><strong>Unidad 3. Resistencias y propuestas de transformaci\u00f3n para una cultura de igualdad y no discriminaci\u00f3n<\/strong><\/span><\/p>\n<p><span style=\"color: #800000;\"><strong>Intenci\u00f3n educativa de la unidad:<\/strong><\/span><\/p>\n<p>Comprender los principios y acciones que orienten nuestra vida personal, profesional y ciudadana, reconociendo las voces y propuestas de transformaci\u00f3n de las mujeres, para comprometernos con la garant\u00eda de sus derechos en condiciones de igualdad y no discriminaci\u00f3n.<\/p>\n<p>3.1 Marco de protecci\u00f3n y acci\u00f3n de los derechos humanos de las mujeres<\/p>\n<p>3.2 Miradas y propuestas de transformaci\u00f3n social impulsadas por mujeres<\/p>\n<p>3.3 Acciones que contribuyen al derecho a la igualdad y la no discriminaci\u00f3n de las mujeres<\/p>\n<p>3.4 Algunos testimonios de mujeres que alzan la voz por la igualdad y no discriminaci\u00f3n<\/p>\n","protected":false},"excerpt":{"rendered":"<p>Intenci\u00f3n educativa del curso: Reconocer a las mujeres como personas sujetas de derechos, reflexionando c\u00f3mo viven la discriminaci\u00f3n estructural, para promover la construcci\u00f3n una sociedad libre de discriminaci\u00f3n hacia ellas. Unidad 1. Discriminaci\u00f3n y desigualdades en la vida de las &hellip; <a href=\"https:\/\/conectate.conapred.gob.mx\/index.php\/2024\/08\/27\/las-mujeres-en-la-transformacion-de-la-discriminacion-y-la-desigualdad-en-defensa-de-sus-derechos-humanos\/\">Sigue leyendo <span class=\"meta-nav\">&rarr;<\/span><\/a><\/p>\n","protected":false},"author":5,"featured_media":0,"comment_status":"closed","ping_status":"closed","sticky":false,"template":"","format":"standard","meta":{"_monsterinsights_skip_tracking":false,"_monsterinsights_sitenote_active":false,"_monsterinsights_sitenote_note":"","_monsterinsights_sitenote_category":0,"_uf_show_specific_survey":0,"_uf_disable_surveys":false,"footnotes":""},"categories":[1],"tags":[],"class_list":["post-5636","post","type-post","status-publish","format-standard","hentry","category-sin-categoria"],"aioseo_notices":[],"_links":{"self":[{"href":"https:\/\/conectate.conapred.gob.mx\/index.php\/wp-json\/wp\/v2\/posts\/5636","targetHints":{"allow":["GET"]}}],"collection":[{"href":"https:\/\/conectate.conapred.gob.mx\/index.php\/wp-json\/wp\/v2\/posts"}],"about":[{"href":"https:\/\/conectate.conapred.gob.mx\/index.php\/wp-json\/wp\/v2\/types\/post"}],"author":[{"embeddable":true,"href":"https:\/\/conectate.conapred.gob.mx\/index.php\/wp-json\/wp\/v2\/users\/5"}],"replies":[{"embeddable":true,"href":"https:\/\/conectate.conapred.gob.mx\/index.php\/wp-json\/wp\/v2\/comments?post=5636"}],"version-history":[{"count":3,"href":"https:\/\/conectate.conapred.gob.mx\/index.php\/wp-json\/wp\/v2\/posts\/5636\/revisions"}],"predecessor-version":[{"id":7565,"href":"https:\/\/conectate.conapred.gob.mx\/index.php\/wp-json\/wp\/v2\/posts\/5636\/revisions\/7565"}],"wp:attachment":[{"href":"https:\/\/conectate.conapred.gob.mx\/index.php\/wp-json\/wp\/v2\/media?parent=5636"}],"wp:term":[{"taxonomy":"category","embeddable":true,"href":"https:\/\/conectate.conapred.gob.mx\/index.php\/wp-json\/wp\/v2\/categories?post=5636"},{"taxonomy":"post_tag","embeddable":true,"href":"https:\/\/conectate.conapred.gob.mx\/index.php\/wp-json\/wp\/v2\/tags?post=5636"}],"curies":[{"name":"wp","href":"https:\/\/api.w.org\/{rel}","templated":true}]}}