{"id":7413,"date":"2025-03-24T12:10:54","date_gmt":"2025-03-24T18:10:54","guid":{"rendered":"https:\/\/conectate.conapred.org.mx\/?p=7413"},"modified":"2025-06-13T14:15:09","modified_gmt":"2025-06-13T20:15:09","slug":"personas-privadas-de-libertad-y-liberadas-por-una-vida-digna-y-sin-discriminacion","status":"publish","type":"post","link":"https:\/\/conectate.conapred.gob.mx\/index.php\/2025\/03\/24\/personas-privadas-de-libertad-y-liberadas-por-una-vida-digna-y-sin-discriminacion\/","title":{"rendered":"Personas privadas de libertad y liberadas: por una vida digna y sin discriminaci\u00f3n"},"content":{"rendered":"<p><span style=\"color: #800000;\"><strong>Intenci\u00f3n educativa del curso:<\/strong><\/span><\/p>\n<p>Reconocer a las personas privadas de libertad y liberadas como sujetas de derechos, a trav\u00e9s de un enfoque cr\u00edtico sobre los efectos de la discriminaci\u00f3n estructural en el ejercicio de sus derechos humanos, con el fin de promover la construcci\u00f3n de una sociedad en la que dichos derechos sean garantizados.<\/p>\n<p><span style=\"color: #800000;\"><strong>Unidad 1. Derechos humanos y discriminaci\u00f3n: historias de vida de las personas privadas de libertad y liberadas<\/strong><\/span><\/p>\n<p><span style=\"color: #800000;\"><strong>Intenci\u00f3n educativa de la unidad:<\/strong><\/span><\/p>\n<p>Reflexionar c\u00f3mo la desigualdad y la discriminaci\u00f3n estructural vulneran el acceso y goce de los derechos humanos de las personas privadas de libertad y liberadas, para reconocer la importancia de promover su derecho a la igualdad y no discriminaci\u00f3n como derecho llave.<\/p>\n<p>1.1 Hablemos de discriminaci\u00f3n e injusticias en torno a la privaci\u00f3n de libertad<\/p>\n<p>1.2 Las personas privadas de libertad y liberadas como personas sujetas de derechos<\/p>\n<p>1.3 El ejercicio de los derechos humanos de las personas privadas de libertad y liberadas tras las rejas de la discriminaci\u00f3n<\/p>\n<p><span style=\"color: #800000;\"><strong>Unidad 2. La complejidad de la discriminaci\u00f3n estructural hacia las personas privadas de libertad y liberadas: propuestas para su transformaci\u00f3n colectiva en favor de sus derechos<\/strong><\/span><\/p>\n<p><span style=\"color: #800000;\"><strong>Intenci\u00f3n educativa de la unidad:<\/strong><\/span><\/p>\n<p>Comprender el car\u00e1cter estructural de la discriminaci\u00f3n que enfrentan las personas privadas de libertad y liberadas a trav\u00e9s de los elementos que la caracterizan para identificar los retos vigentes y posibles rutas que promuevan la garant\u00eda de sus derechos y el acceso a una vida igualitaria y libre de discriminaci\u00f3n.<\/p>\n<p>2.1 Desentra\u00f1ando el car\u00e1cter estructural de la discriminaci\u00f3n<\/p>\n<p>2.2 Perspectivas para ampliar nuestra comprensi\u00f3n sobre la discriminaci\u00f3n estructural<\/p>\n<p>2.3 Quehaceres antidiscriminatorios: Retos vigentes y posibles rutas para una vida igualitaria<\/p>\n","protected":false},"excerpt":{"rendered":"<p>Intenci\u00f3n educativa del curso: Reconocer a las personas privadas de libertad y liberadas como sujetas de derechos, a trav\u00e9s de un enfoque cr\u00edtico sobre los efectos de la discriminaci\u00f3n estructural en el ejercicio de sus derechos humanos, con el fin &hellip; <a href=\"https:\/\/conectate.conapred.gob.mx\/index.php\/2025\/03\/24\/personas-privadas-de-libertad-y-liberadas-por-una-vida-digna-y-sin-discriminacion\/\">Sigue leyendo <span class=\"meta-nav\">&rarr;<\/span><\/a><\/p>\n","protected":false},"author":5,"featured_media":0,"comment_status":"closed","ping_status":"closed","sticky":false,"template":"","format":"standard","meta":{"_monsterinsights_skip_tracking":false,"_monsterinsights_sitenote_active":false,"_monsterinsights_sitenote_note":"","_monsterinsights_sitenote_category":0,"_uf_show_specific_survey":0,"_uf_disable_surveys":false,"footnotes":""},"categories":[1],"tags":[],"class_list":["post-7413","post","type-post","status-publish","format-standard","hentry","category-sin-categoria"],"aioseo_notices":[],"_links":{"self":[{"href":"https:\/\/conectate.conapred.gob.mx\/index.php\/wp-json\/wp\/v2\/posts\/7413","targetHints":{"allow":["GET"]}}],"collection":[{"href":"https:\/\/conectate.conapred.gob.mx\/index.php\/wp-json\/wp\/v2\/posts"}],"about":[{"href":"https:\/\/conectate.conapred.gob.mx\/index.php\/wp-json\/wp\/v2\/types\/post"}],"author":[{"embeddable":true,"href":"https:\/\/conectate.conapred.gob.mx\/index.php\/wp-json\/wp\/v2\/users\/5"}],"replies":[{"embeddable":true,"href":"https:\/\/conectate.conapred.gob.mx\/index.php\/wp-json\/wp\/v2\/comments?post=7413"}],"version-history":[{"count":5,"href":"https:\/\/conectate.conapred.gob.mx\/index.php\/wp-json\/wp\/v2\/posts\/7413\/revisions"}],"predecessor-version":[{"id":7527,"href":"https:\/\/conectate.conapred.gob.mx\/index.php\/wp-json\/wp\/v2\/posts\/7413\/revisions\/7527"}],"wp:attachment":[{"href":"https:\/\/conectate.conapred.gob.mx\/index.php\/wp-json\/wp\/v2\/media?parent=7413"}],"wp:term":[{"taxonomy":"category","embeddable":true,"href":"https:\/\/conectate.conapred.gob.mx\/index.php\/wp-json\/wp\/v2\/categories?post=7413"},{"taxonomy":"post_tag","embeddable":true,"href":"https:\/\/conectate.conapred.gob.mx\/index.php\/wp-json\/wp\/v2\/tags?post=7413"}],"curies":[{"name":"wp","href":"https:\/\/api.w.org\/{rel}","templated":true}]}}